{"id":2694,"date":"2025-03-12T08:01:58","date_gmt":"2025-03-12T08:01:58","guid":{"rendered":"https:\/\/ifyter.com\/?p=2694"},"modified":"2025-03-13T11:16:24","modified_gmt":"2025-03-13T11:16:24","slug":"hello-world-copy","status":"publish","type":"post","link":"https:\/\/ifyter.com\/?p=2694","title":{"rendered":"Fotovoltaica de Autoconsumo Colectivo en Moncada"},"content":{"rendered":"\t\t<div data-elementor-type=\"wp-post\" data-elementor-id=\"2694\" class=\"elementor elementor-2694\">\n\t\t\t\t<div class=\"has_eae_slider elementor-element elementor-element-3a16dda8 e-flex e-con-boxed e-con e-parent\" data-id=\"3a16dda8\" data-element_type=\"container\">\n\t\t\t\t\t<div class=\"e-con-inner\">\n\t\t\t\t<div class=\"elementor-element elementor-element-4ea52ee6 elementor-widget elementor-widget-text-editor\" data-id=\"4ea52ee6\" data-element_type=\"widget\" data-widget_type=\"text-editor.default\">\n\t\t\t\t<div class=\"elementor-widget-container\"><p>Se trata de una instalaci\u00f3n fotovoltaica de autoconsumo en un edificio de viviendas residencial cuyo uso principal es una residencia de estudiantes. Dicho edificio ten\u00eda una cubierta plana, cuyo material final era una l\u00e1mina aislante, por lo que se propuso una estructura soporte de aluminio contrapesado.<\/p>\r\n<p>Se propuso un inversor h\u00edbrido para si en un futuro quer\u00eda incorporar sistema de almacenamiento a la instalaci\u00f3n.<\/p>\r\n<p>En este caso se realiz\u00f3 un Autoconsumo Colectivo, d\u00f3nde la energ\u00eda generada por la instalaci\u00f3n fotovoltaica se reparte mediante unos coeficientes de reparto a cada apartamento del edificio incluido las zonas comunes.<\/p>\r\n<p>Para poder realizar este reparto se requiere por parte de la distribuidora una instalaci\u00f3n de un Contador de Generaci\u00f3n en la centralizaci\u00f3n de contadores del edificio.<\/p>\r\n<p><img fetchpriority=\"high\" decoding=\"async\" class=\"wp-image-2659 size-medium aligncenter\" src=\"https:\/\/ifyter.com\/wp-content\/uploads\/2025\/03\/007-fotovoltaica-colectiva-300x225.jpg\" alt=\"\" width=\"300\" height=\"225\" srcset=\"https:\/\/ifyter.com\/wp-content\/uploads\/2025\/03\/007-fotovoltaica-colectiva-300x225.jpg 300w, https:\/\/ifyter.com\/wp-content\/uploads\/2025\/03\/007-fotovoltaica-colectiva-1024x768.jpg 1024w, https:\/\/ifyter.com\/wp-content\/uploads\/2025\/03\/007-fotovoltaica-colectiva-768x576.jpg 768w, https:\/\/ifyter.com\/wp-content\/uploads\/2025\/03\/007-fotovoltaica-colectiva-1536x1152.jpg 1536w, https:\/\/ifyter.com\/wp-content\/uploads\/2025\/03\/007-fotovoltaica-colectiva-600x450.jpg 600w, https:\/\/ifyter.com\/wp-content\/uploads\/2025\/03\/007-fotovoltaica-colectiva.jpg 2016w\" sizes=\"(max-width: 300px) 100vw, 300px\" \/><\/p><\/div>\n\t\t\t\t<\/div>\n\t\t\t\t<div class=\"elementor-element elementor-element-79f13be elementor-widget elementor-widget-button\" data-id=\"79f13be\" data-element_type=\"widget\" data-widget_type=\"button.default\">\n\t\t\t\t<div class=\"elementor-widget-container\">\n\t\t\t\t\t\t\t\t\t<div class=\"elementor-button-wrapper\">\n\t\t\t\t\t<a class=\"elementor-button elementor-button-link elementor-size-sm\" href=\"https:\/\/ifyter.com\/?page_id=55\">\n\t\t\t\t\t\t<span class=\"elementor-button-content-wrapper\">\n\t\t\t\t\t\t\t\t\t<span class=\"elementor-button-text\">VOLVER<\/span>\n\t\t\t\t\t<\/span>\n\t\t\t\t\t<\/a>\n\t\t\t\t<\/div>\n\t\t\t\t\t\t\t\t<\/div>\n\t\t\t\t<\/div>\n\t\t\t\t\t<\/div>\n\t\t\t\t<\/div>\t\t<\/div>\n\t\t","protected":false},"excerpt":{"rendered":"<p>Se trata de una instalaci\u00f3n fotovoltaica de autoconsumo en un edificio de viviendas residencial cuyo uso principal es una residencia de estudiantes. Dicho edificio ten\u00eda una cubierta plana, cuyo material final era una l\u00e1mina aislante, por lo que se propuso una estructura soporte de aluminio contrapesado. Se propuso un inversor h\u00edbrido para si en un [&hellip;]<\/p>\n","protected":false},"author":1,"featured_media":2659,"comment_status":"open","ping_status":"open","sticky":false,"template":"","format":"standard","meta":{"_acf_changed":false,"footnotes":""},"categories":[1],"tags":[],"class_list":["post-2694","post","type-post","status-publish","format-standard","has-post-thumbnail","hentry","category-uncategorized"],"acf":[],"yoast_head":"<!-- This site is optimized with the Yoast SEO plugin v24.6 - https:\/\/yoast.com\/wordpress\/plugins\/seo\/ -->\n<title>Fotovoltaica de Autoconsumo Colectivo en Moncada - Ifyter - Soluciones Fotovoltaicas<\/title>\n<meta name=\"robots\" content=\"index, follow, max-snippet:-1, max-image-preview:large, max-video-preview:-1\" \/>\n<link rel=\"canonical\" href=\"https:\/\/ifyter.com\/?p=2694\" \/>\n<meta property=\"og:locale\" content=\"es_ES\" \/>\n<meta property=\"og:type\" content=\"article\" \/>\n<meta property=\"og:title\" content=\"Fotovoltaica de Autoconsumo Colectivo en Moncada - Ifyter - Soluciones Fotovoltaicas\" \/>\n<meta property=\"og:description\" content=\"Se trata de una instalaci\u00f3n fotovoltaica de autoconsumo en un edificio de viviendas residencial cuyo uso principal es una residencia de estudiantes. Dicho edificio ten\u00eda una cubierta plana, cuyo material final era una l\u00e1mina aislante, por lo que se propuso una estructura soporte de aluminio contrapesado. Se propuso un inversor h\u00edbrido para si en un [&hellip;]\" \/>\n<meta property=\"og:url\" content=\"https:\/\/ifyter.com\/?p=2694\" \/>\n<meta property=\"og:site_name\" content=\"Ifyter - Soluciones Fotovoltaicas\" \/>\n<meta property=\"article:publisher\" content=\"https:\/\/www.facebook.com\/ifyter\" \/>\n<meta property=\"article:published_time\" content=\"2025-03-12T08:01:58+00:00\" \/>\n<meta property=\"article:modified_time\" content=\"2025-03-13T11:16:24+00:00\" \/>\n<meta property=\"og:image\" content=\"https:\/\/ifyter.com\/wp-content\/uploads\/2025\/03\/007-fotovoltaica-colectiva.jpg\" \/>\n\t<meta property=\"og:image:width\" content=\"2016\" \/>\n\t<meta property=\"og:image:height\" content=\"1512\" \/>\n\t<meta property=\"og:image:type\" content=\"image\/jpeg\" \/>\n<meta name=\"author\" content=\"admin\" \/>\n<meta name=\"twitter:card\" content=\"summary_large_image\" \/>\n<meta name=\"twitter:label1\" content=\"Escrito por\" \/>\n\t<meta name=\"twitter:data1\" content=\"admin\" \/>\n<script type=\"application\/ld+json\" class=\"yoast-schema-graph\">{\"@context\":\"https:\/\/schema.org\",\"@graph\":[{\"@type\":\"Article\",\"@id\":\"https:\/\/ifyter.com\/?p=2694#article\",\"isPartOf\":{\"@id\":\"https:\/\/ifyter.com\/?p=2694\"},\"author\":{\"name\":\"admin\",\"@id\":\"https:\/\/ifyter.com\/#\/schema\/person\/727ba97d448970291693965bae0822b9\"},\"headline\":\"Fotovoltaica de Autoconsumo Colectivo en Moncada\",\"datePublished\":\"2025-03-12T08:01:58+00:00\",\"dateModified\":\"2025-03-13T11:16:24+00:00\",\"mainEntityOfPage\":{\"@id\":\"https:\/\/ifyter.com\/?p=2694\"},\"wordCount\":141,\"commentCount\":0,\"publisher\":{\"@id\":\"https:\/\/ifyter.com\/#organization\"},\"image\":{\"@id\":\"https:\/\/ifyter.com\/?p=2694#primaryimage\"},\"thumbnailUrl\":\"https:\/\/ifyter.com\/wp-content\/uploads\/2025\/03\/007-fotovoltaica-colectiva.jpg\",\"articleSection\":[\"Uncategorized\"],\"inLanguage\":\"es\",\"potentialAction\":[{\"@type\":\"CommentAction\",\"name\":\"Comment\",\"target\":[\"https:\/\/ifyter.com\/?p=2694#respond\"]}]},{\"@type\":\"WebPage\",\"@id\":\"https:\/\/ifyter.com\/?p=2694\",\"url\":\"https:\/\/ifyter.com\/?p=2694\",\"name\":\"Fotovoltaica de Autoconsumo Colectivo en Moncada - Ifyter - Soluciones Fotovoltaicas\",\"isPartOf\":{\"@id\":\"https:\/\/ifyter.com\/#website\"},\"primaryImageOfPage\":{\"@id\":\"https:\/\/ifyter.com\/?p=2694#primaryimage\"},\"image\":{\"@id\":\"https:\/\/ifyter.com\/?p=2694#primaryimage\"},\"thumbnailUrl\":\"https:\/\/ifyter.com\/wp-content\/uploads\/2025\/03\/007-fotovoltaica-colectiva.jpg\",\"datePublished\":\"2025-03-12T08:01:58+00:00\",\"dateModified\":\"2025-03-13T11:16:24+00:00\",\"breadcrumb\":{\"@id\":\"https:\/\/ifyter.com\/?p=2694#breadcrumb\"},\"inLanguage\":\"es\",\"potentialAction\":[{\"@type\":\"ReadAction\",\"target\":[\"https:\/\/ifyter.com\/?p=2694\"]}]},{\"@type\":\"ImageObject\",\"inLanguage\":\"es\",\"@id\":\"https:\/\/ifyter.com\/?p=2694#primaryimage\",\"url\":\"https:\/\/ifyter.com\/wp-content\/uploads\/2025\/03\/007-fotovoltaica-colectiva.jpg\",\"contentUrl\":\"https:\/\/ifyter.com\/wp-content\/uploads\/2025\/03\/007-fotovoltaica-colectiva.jpg\",\"width\":2016,\"height\":1512},{\"@type\":\"BreadcrumbList\",\"@id\":\"https:\/\/ifyter.com\/?p=2694#breadcrumb\",\"itemListElement\":[{\"@type\":\"ListItem\",\"position\":1,\"name\":\"Portada\",\"item\":\"https:\/\/ifyter.com\/\"},{\"@type\":\"ListItem\",\"position\":2,\"name\":\"Fotovoltaica de Autoconsumo Colectivo en Moncada\"}]},{\"@type\":\"WebSite\",\"@id\":\"https:\/\/ifyter.com\/#website\",\"url\":\"https:\/\/ifyter.com\/\",\"name\":\"Ifyter - Soluciones Fotovoltaicas\",\"description\":\"\",\"publisher\":{\"@id\":\"https:\/\/ifyter.com\/#organization\"},\"potentialAction\":[{\"@type\":\"SearchAction\",\"target\":{\"@type\":\"EntryPoint\",\"urlTemplate\":\"https:\/\/ifyter.com\/?s={search_term_string}\"},\"query-input\":{\"@type\":\"PropertyValueSpecification\",\"valueRequired\":true,\"valueName\":\"search_term_string\"}}],\"inLanguage\":\"es\"},{\"@type\":\"Organization\",\"@id\":\"https:\/\/ifyter.com\/#organization\",\"name\":\"IFYTER SOL.LUCIONS ENERG\u00c8TIQUES S.L.\",\"url\":\"https:\/\/ifyter.com\/\",\"logo\":{\"@type\":\"ImageObject\",\"inLanguage\":\"es\",\"@id\":\"https:\/\/ifyter.com\/#\/schema\/logo\/image\/\",\"url\":\"https:\/\/ifyter.com\/wp-content\/uploads\/2025\/03\/cropped-cropped-logo-ifyter-solo-nou.png\",\"contentUrl\":\"https:\/\/ifyter.com\/wp-content\/uploads\/2025\/03\/cropped-cropped-logo-ifyter-solo-nou.png\",\"width\":176,\"height\":177,\"caption\":\"IFYTER SOL.LUCIONS ENERG\u00c8TIQUES S.L.\"},\"image\":{\"@id\":\"https:\/\/ifyter.com\/#\/schema\/logo\/image\/\"},\"sameAs\":[\"https:\/\/www.facebook.com\/ifyter\",\"https:\/\/www.youtube.com\/channel\/UCQH6Imvuoou7_5oDt81lX5A?view_as=subscriber\",\"https:\/\/www.linkedin.com\/company\/ifyter\/\"]},{\"@type\":\"Person\",\"@id\":\"https:\/\/ifyter.com\/#\/schema\/person\/727ba97d448970291693965bae0822b9\",\"name\":\"admin\",\"image\":{\"@type\":\"ImageObject\",\"inLanguage\":\"es\",\"@id\":\"https:\/\/ifyter.com\/#\/schema\/person\/image\/\",\"url\":\"https:\/\/secure.gravatar.com\/avatar\/910c8a7151ee2f1c4be6263d9b58da5cf71c6be1a15180a69e6dc9e4a5d405f3?s=96&d=mm&r=g\",\"contentUrl\":\"https:\/\/secure.gravatar.com\/avatar\/910c8a7151ee2f1c4be6263d9b58da5cf71c6be1a15180a69e6dc9e4a5d405f3?s=96&d=mm&r=g\",\"caption\":\"admin\"},\"sameAs\":[\"https:\/\/ifyter.com\"],\"url\":\"https:\/\/ifyter.com\/?author=1\"}]}<\/script>\n<!-- \/ Yoast SEO plugin. -->","yoast_head_json":{"title":"Fotovoltaica de Autoconsumo Colectivo en Moncada - Ifyter - Soluciones Fotovoltaicas","robots":{"index":"index","follow":"follow","max-snippet":"max-snippet:-1","max-image-preview":"max-image-preview:large","max-video-preview":"max-video-preview:-1"},"canonical":"https:\/\/ifyter.com\/?p=2694","og_locale":"es_ES","og_type":"article","og_title":"Fotovoltaica de Autoconsumo Colectivo en Moncada - Ifyter - Soluciones Fotovoltaicas","og_description":"Se trata de una instalaci\u00f3n fotovoltaica de autoconsumo en un edificio de viviendas residencial cuyo uso principal es una residencia de estudiantes. Dicho edificio ten\u00eda una cubierta plana, cuyo material final era una l\u00e1mina aislante, por lo que se propuso una estructura soporte de aluminio contrapesado. Se propuso un inversor h\u00edbrido para si en un [&hellip;]","og_url":"https:\/\/ifyter.com\/?p=2694","og_site_name":"Ifyter - Soluciones Fotovoltaicas","article_publisher":"https:\/\/www.facebook.com\/ifyter","article_published_time":"2025-03-12T08:01:58+00:00","article_modified_time":"2025-03-13T11:16:24+00:00","og_image":[{"width":2016,"height":1512,"url":"https:\/\/ifyter.com\/wp-content\/uploads\/2025\/03\/007-fotovoltaica-colectiva.jpg","type":"image\/jpeg"}],"author":"admin","twitter_card":"summary_large_image","twitter_misc":{"Escrito por":"admin"},"schema":{"@context":"https:\/\/schema.org","@graph":[{"@type":"Article","@id":"https:\/\/ifyter.com\/?p=2694#article","isPartOf":{"@id":"https:\/\/ifyter.com\/?p=2694"},"author":{"name":"admin","@id":"https:\/\/ifyter.com\/#\/schema\/person\/727ba97d448970291693965bae0822b9"},"headline":"Fotovoltaica de Autoconsumo Colectivo en Moncada","datePublished":"2025-03-12T08:01:58+00:00","dateModified":"2025-03-13T11:16:24+00:00","mainEntityOfPage":{"@id":"https:\/\/ifyter.com\/?p=2694"},"wordCount":141,"commentCount":0,"publisher":{"@id":"https:\/\/ifyter.com\/#organization"},"image":{"@id":"https:\/\/ifyter.com\/?p=2694#primaryimage"},"thumbnailUrl":"https:\/\/ifyter.com\/wp-content\/uploads\/2025\/03\/007-fotovoltaica-colectiva.jpg","articleSection":["Uncategorized"],"inLanguage":"es","potentialAction":[{"@type":"CommentAction","name":"Comment","target":["https:\/\/ifyter.com\/?p=2694#respond"]}]},{"@type":"WebPage","@id":"https:\/\/ifyter.com\/?p=2694","url":"https:\/\/ifyter.com\/?p=2694","name":"Fotovoltaica de Autoconsumo Colectivo en Moncada - Ifyter - Soluciones Fotovoltaicas","isPartOf":{"@id":"https:\/\/ifyter.com\/#website"},"primaryImageOfPage":{"@id":"https:\/\/ifyter.com\/?p=2694#primaryimage"},"image":{"@id":"https:\/\/ifyter.com\/?p=2694#primaryimage"},"thumbnailUrl":"https:\/\/ifyter.com\/wp-content\/uploads\/2025\/03\/007-fotovoltaica-colectiva.jpg","datePublished":"2025-03-12T08:01:58+00:00","dateModified":"2025-03-13T11:16:24+00:00","breadcrumb":{"@id":"https:\/\/ifyter.com\/?p=2694#breadcrumb"},"inLanguage":"es","potentialAction":[{"@type":"ReadAction","target":["https:\/\/ifyter.com\/?p=2694"]}]},{"@type":"ImageObject","inLanguage":"es","@id":"https:\/\/ifyter.com\/?p=2694#primaryimage","url":"https:\/\/ifyter.com\/wp-content\/uploads\/2025\/03\/007-fotovoltaica-colectiva.jpg","contentUrl":"https:\/\/ifyter.com\/wp-content\/uploads\/2025\/03\/007-fotovoltaica-colectiva.jpg","width":2016,"height":1512},{"@type":"BreadcrumbList","@id":"https:\/\/ifyter.com\/?p=2694#breadcrumb","itemListElement":[{"@type":"ListItem","position":1,"name":"Portada","item":"https:\/\/ifyter.com\/"},{"@type":"ListItem","position":2,"name":"Fotovoltaica de Autoconsumo Colectivo en Moncada"}]},{"@type":"WebSite","@id":"https:\/\/ifyter.com\/#website","url":"https:\/\/ifyter.com\/","name":"Ifyter - Soluciones Fotovoltaicas","description":"","publisher":{"@id":"https:\/\/ifyter.com\/#organization"},"potentialAction":[{"@type":"SearchAction","target":{"@type":"EntryPoint","urlTemplate":"https:\/\/ifyter.com\/?s={search_term_string}"},"query-input":{"@type":"PropertyValueSpecification","valueRequired":true,"valueName":"search_term_string"}}],"inLanguage":"es"},{"@type":"Organization","@id":"https:\/\/ifyter.com\/#organization","name":"IFYTER SOL.LUCIONS ENERG\u00c8TIQUES S.L.","url":"https:\/\/ifyter.com\/","logo":{"@type":"ImageObject","inLanguage":"es","@id":"https:\/\/ifyter.com\/#\/schema\/logo\/image\/","url":"https:\/\/ifyter.com\/wp-content\/uploads\/2025\/03\/cropped-cropped-logo-ifyter-solo-nou.png","contentUrl":"https:\/\/ifyter.com\/wp-content\/uploads\/2025\/03\/cropped-cropped-logo-ifyter-solo-nou.png","width":176,"height":177,"caption":"IFYTER SOL.LUCIONS ENERG\u00c8TIQUES S.L."},"image":{"@id":"https:\/\/ifyter.com\/#\/schema\/logo\/image\/"},"sameAs":["https:\/\/www.facebook.com\/ifyter","https:\/\/www.youtube.com\/channel\/UCQH6Imvuoou7_5oDt81lX5A?view_as=subscriber","https:\/\/www.linkedin.com\/company\/ifyter\/"]},{"@type":"Person","@id":"https:\/\/ifyter.com\/#\/schema\/person\/727ba97d448970291693965bae0822b9","name":"admin","image":{"@type":"ImageObject","inLanguage":"es","@id":"https:\/\/ifyter.com\/#\/schema\/person\/image\/","url":"https:\/\/secure.gravatar.com\/avatar\/910c8a7151ee2f1c4be6263d9b58da5cf71c6be1a15180a69e6dc9e4a5d405f3?s=96&d=mm&r=g","contentUrl":"https:\/\/secure.gravatar.com\/avatar\/910c8a7151ee2f1c4be6263d9b58da5cf71c6be1a15180a69e6dc9e4a5d405f3?s=96&d=mm&r=g","caption":"admin"},"sameAs":["https:\/\/ifyter.com"],"url":"https:\/\/ifyter.com\/?author=1"}]}},"_links":{"self":[{"href":"https:\/\/ifyter.com\/index.php?rest_route=\/wp\/v2\/posts\/2694","targetHints":{"allow":["GET"]}}],"collection":[{"href":"https:\/\/ifyter.com\/index.php?rest_route=\/wp\/v2\/posts"}],"about":[{"href":"https:\/\/ifyter.com\/index.php?rest_route=\/wp\/v2\/types\/post"}],"author":[{"embeddable":true,"href":"https:\/\/ifyter.com\/index.php?rest_route=\/wp\/v2\/users\/1"}],"replies":[{"embeddable":true,"href":"https:\/\/ifyter.com\/index.php?rest_route=%2Fwp%2Fv2%2Fcomments&post=2694"}],"version-history":[{"count":7,"href":"https:\/\/ifyter.com\/index.php?rest_route=\/wp\/v2\/posts\/2694\/revisions"}],"predecessor-version":[{"id":2921,"href":"https:\/\/ifyter.com\/index.php?rest_route=\/wp\/v2\/posts\/2694\/revisions\/2921"}],"wp:featuredmedia":[{"embeddable":true,"href":"https:\/\/ifyter.com\/index.php?rest_route=\/wp\/v2\/media\/2659"}],"wp:attachment":[{"href":"https:\/\/ifyter.com\/index.php?rest_route=%2Fwp%2Fv2%2Fmedia&parent=2694"}],"wp:term":[{"taxonomy":"category","embeddable":true,"href":"https:\/\/ifyter.com\/index.php?rest_route=%2Fwp%2Fv2%2Fcategories&post=2694"},{"taxonomy":"post_tag","embeddable":true,"href":"https:\/\/ifyter.com\/index.php?rest_route=%2Fwp%2Fv2%2Ftags&post=2694"}],"curies":[{"name":"wp","href":"https:\/\/api.w.org\/{rel}","templated":true}]}}