{"id":2698,"date":"2025-03-12T08:08:06","date_gmt":"2025-03-12T08:08:06","guid":{"rendered":"https:\/\/ifyter.com\/?p=2698"},"modified":"2025-03-13T11:16:00","modified_gmt":"2025-03-13T11:16:00","slug":"hello-world-copy-copy-copy","status":"publish","type":"post","link":"https:\/\/ifyter.com\/?p=2698","title":{"rendered":"Instalaci\u00f3n Fotovoltaica Aislada en Industria"},"content":{"rendered":"\t\t<div data-elementor-type=\"wp-post\" data-elementor-id=\"2698\" class=\"elementor elementor-2698\">\n\t\t\t\t<div class=\"has_eae_slider elementor-element elementor-element-1b1ed05c e-flex e-con-boxed e-con e-parent\" data-id=\"1b1ed05c\" data-element_type=\"container\">\n\t\t\t\t\t<div class=\"e-con-inner\">\n\t\t\t\t<div class=\"elementor-element elementor-element-39fa4742 elementor-widget elementor-widget-text-editor\" data-id=\"39fa4742\" data-element_type=\"widget\" data-widget_type=\"text-editor.default\">\n\t\t\t\t<div class=\"elementor-widget-container\"><p>Se trata de una instalaci\u00f3n de Autoconsumo para un edificio de oficinas con mucho consumo. Dicho edificio ten\u00eda una cubierta plana invertida, cuyo material final era grava, se propuso una estructura soporte de aluminio contrapesado.<\/p>\n<p>Los excedentes estimados eran nulos por tanto se propuso un inversor no h\u00edbrido, m\u00e1s econ\u00f3mico para el cliente.<\/p>\n<p><img fetchpriority=\"high\" decoding=\"async\" class=\"size-medium wp-image-2661 aligncenter\" src=\"https:\/\/ifyter.com\/wp-content\/uploads\/2025\/03\/009-fotovoltaica-industrial-inclinadsa-1-300x225.jpg\" alt=\"\" width=\"300\" height=\"225\" srcset=\"https:\/\/ifyter.com\/wp-content\/uploads\/2025\/03\/009-fotovoltaica-industrial-inclinadsa-1-300x225.jpg 300w, https:\/\/ifyter.com\/wp-content\/uploads\/2025\/03\/009-fotovoltaica-industrial-inclinadsa-1-768x576.jpg 768w, https:\/\/ifyter.com\/wp-content\/uploads\/2025\/03\/009-fotovoltaica-industrial-inclinadsa-1-600x450.jpg 600w, https:\/\/ifyter.com\/wp-content\/uploads\/2025\/03\/009-fotovoltaica-industrial-inclinadsa-1.jpg 800w\" sizes=\"(max-width: 300px) 100vw, 300px\" \/><\/p>\n<p><img decoding=\"async\" class=\"wp-image-2662 aligncenter\" src=\"https:\/\/ifyter.com\/wp-content\/uploads\/2025\/03\/010-fotovoltaica-industrial-coplanar-169x300.jpg\" alt=\"\" width=\"127\" height=\"225\" srcset=\"https:\/\/ifyter.com\/wp-content\/uploads\/2025\/03\/010-fotovoltaica-industrial-coplanar-169x300.jpg 169w, https:\/\/ifyter.com\/wp-content\/uploads\/2025\/03\/010-fotovoltaica-industrial-coplanar.jpg 289w\" sizes=\"(max-width: 127px) 100vw, 127px\" \/><\/p>\n<p>\u00a0<\/p><\/div>\n\t\t\t\t<\/div>\n\t\t\t\t<div class=\"elementor-element elementor-element-c873570 elementor-widget elementor-widget-button\" data-id=\"c873570\" data-element_type=\"widget\" data-widget_type=\"button.default\">\n\t\t\t\t<div class=\"elementor-widget-container\">\n\t\t\t\t\t\t\t\t\t<div class=\"elementor-button-wrapper\">\n\t\t\t\t\t<a class=\"elementor-button elementor-button-link elementor-size-sm\" href=\"https:\/\/ifyter.com\/?page_id=55\">\n\t\t\t\t\t\t<span class=\"elementor-button-content-wrapper\">\n\t\t\t\t\t\t\t\t\t<span class=\"elementor-button-text\">VOLVER<\/span>\n\t\t\t\t\t<\/span>\n\t\t\t\t\t<\/a>\n\t\t\t\t<\/div>\n\t\t\t\t\t\t\t\t<\/div>\n\t\t\t\t<\/div>\n\t\t\t\t\t<\/div>\n\t\t\t\t<\/div>\t\t<\/div>\n\t\t","protected":false},"excerpt":{"rendered":"<p>Se trata de una instalaci\u00f3n de Autoconsumo para un edificio de oficinas con mucho consumo. Dicho edificio ten\u00eda una cubierta plana invertida, cuyo material final era grava, se propuso una estructura soporte de aluminio contrapesado. Los excedentes estimados eran nulos por tanto se propuso un inversor no h\u00edbrido, m\u00e1s econ\u00f3mico para el cliente. \u00a0 VOLVER<\/p>\n","protected":false},"author":1,"featured_media":2661,"comment_status":"open","ping_status":"open","sticky":false,"template":"","format":"standard","meta":{"_acf_changed":false,"footnotes":""},"categories":[1],"tags":[],"class_list":["post-2698","post","type-post","status-publish","format-standard","has-post-thumbnail","hentry","category-uncategorized"],"acf":[],"yoast_head":"<!-- This site is optimized with the Yoast SEO plugin v24.6 - https:\/\/yoast.com\/wordpress\/plugins\/seo\/ -->\n<title>Instalaci\u00f3n Fotovoltaica Aislada en Industria - Ifyter - Soluciones Fotovoltaicas<\/title>\n<meta name=\"robots\" content=\"index, follow, max-snippet:-1, max-image-preview:large, max-video-preview:-1\" \/>\n<link rel=\"canonical\" href=\"https:\/\/ifyter.com\/?p=2698\" \/>\n<meta property=\"og:locale\" content=\"es_ES\" \/>\n<meta property=\"og:type\" content=\"article\" \/>\n<meta property=\"og:title\" content=\"Instalaci\u00f3n Fotovoltaica Aislada en Industria - Ifyter - Soluciones Fotovoltaicas\" \/>\n<meta property=\"og:description\" content=\"Se trata de una instalaci\u00f3n de Autoconsumo para un edificio de oficinas con mucho consumo. Dicho edificio ten\u00eda una cubierta plana invertida, cuyo material final era grava, se propuso una estructura soporte de aluminio contrapesado. Los excedentes estimados eran nulos por tanto se propuso un inversor no h\u00edbrido, m\u00e1s econ\u00f3mico para el cliente. \u00a0 VOLVER\" \/>\n<meta property=\"og:url\" content=\"https:\/\/ifyter.com\/?p=2698\" \/>\n<meta property=\"og:site_name\" content=\"Ifyter - Soluciones Fotovoltaicas\" \/>\n<meta property=\"article:publisher\" content=\"https:\/\/www.facebook.com\/ifyter\" \/>\n<meta property=\"article:published_time\" content=\"2025-03-12T08:08:06+00:00\" \/>\n<meta property=\"article:modified_time\" content=\"2025-03-13T11:16:00+00:00\" \/>\n<meta property=\"og:image\" content=\"https:\/\/ifyter.com\/wp-content\/uploads\/2025\/03\/009-fotovoltaica-industrial-inclinadsa-1.jpg\" \/>\n\t<meta property=\"og:image:width\" content=\"800\" \/>\n\t<meta property=\"og:image:height\" content=\"600\" \/>\n\t<meta property=\"og:image:type\" content=\"image\/jpeg\" \/>\n<meta name=\"author\" content=\"admin\" \/>\n<meta name=\"twitter:card\" content=\"summary_large_image\" \/>\n<meta name=\"twitter:label1\" content=\"Escrito por\" \/>\n\t<meta name=\"twitter:data1\" content=\"admin\" \/>\n\t<meta name=\"twitter:label2\" content=\"Tiempo de lectura\" \/>\n\t<meta name=\"twitter:data2\" content=\"1 minuto\" \/>\n<script type=\"application\/ld+json\" class=\"yoast-schema-graph\">{\"@context\":\"https:\/\/schema.org\",\"@graph\":[{\"@type\":\"Article\",\"@id\":\"https:\/\/ifyter.com\/?p=2698#article\",\"isPartOf\":{\"@id\":\"https:\/\/ifyter.com\/?p=2698\"},\"author\":{\"name\":\"admin\",\"@id\":\"https:\/\/ifyter.com\/#\/schema\/person\/727ba97d448970291693965bae0822b9\"},\"headline\":\"Instalaci\u00f3n Fotovoltaica Aislada en Industria\",\"datePublished\":\"2025-03-12T08:08:06+00:00\",\"dateModified\":\"2025-03-13T11:16:00+00:00\",\"mainEntityOfPage\":{\"@id\":\"https:\/\/ifyter.com\/?p=2698\"},\"wordCount\":65,\"commentCount\":0,\"publisher\":{\"@id\":\"https:\/\/ifyter.com\/#organization\"},\"image\":{\"@id\":\"https:\/\/ifyter.com\/?p=2698#primaryimage\"},\"thumbnailUrl\":\"https:\/\/ifyter.com\/wp-content\/uploads\/2025\/03\/009-fotovoltaica-industrial-inclinadsa-1.jpg\",\"articleSection\":[\"Uncategorized\"],\"inLanguage\":\"es\",\"potentialAction\":[{\"@type\":\"CommentAction\",\"name\":\"Comment\",\"target\":[\"https:\/\/ifyter.com\/?p=2698#respond\"]}]},{\"@type\":\"WebPage\",\"@id\":\"https:\/\/ifyter.com\/?p=2698\",\"url\":\"https:\/\/ifyter.com\/?p=2698\",\"name\":\"Instalaci\u00f3n Fotovoltaica Aislada en Industria - Ifyter - Soluciones Fotovoltaicas\",\"isPartOf\":{\"@id\":\"https:\/\/ifyter.com\/#website\"},\"primaryImageOfPage\":{\"@id\":\"https:\/\/ifyter.com\/?p=2698#primaryimage\"},\"image\":{\"@id\":\"https:\/\/ifyter.com\/?p=2698#primaryimage\"},\"thumbnailUrl\":\"https:\/\/ifyter.com\/wp-content\/uploads\/2025\/03\/009-fotovoltaica-industrial-inclinadsa-1.jpg\",\"datePublished\":\"2025-03-12T08:08:06+00:00\",\"dateModified\":\"2025-03-13T11:16:00+00:00\",\"breadcrumb\":{\"@id\":\"https:\/\/ifyter.com\/?p=2698#breadcrumb\"},\"inLanguage\":\"es\",\"potentialAction\":[{\"@type\":\"ReadAction\",\"target\":[\"https:\/\/ifyter.com\/?p=2698\"]}]},{\"@type\":\"ImageObject\",\"inLanguage\":\"es\",\"@id\":\"https:\/\/ifyter.com\/?p=2698#primaryimage\",\"url\":\"https:\/\/ifyter.com\/wp-content\/uploads\/2025\/03\/009-fotovoltaica-industrial-inclinadsa-1.jpg\",\"contentUrl\":\"https:\/\/ifyter.com\/wp-content\/uploads\/2025\/03\/009-fotovoltaica-industrial-inclinadsa-1.jpg\",\"width\":800,\"height\":600},{\"@type\":\"BreadcrumbList\",\"@id\":\"https:\/\/ifyter.com\/?p=2698#breadcrumb\",\"itemListElement\":[{\"@type\":\"ListItem\",\"position\":1,\"name\":\"Portada\",\"item\":\"https:\/\/ifyter.com\/\"},{\"@type\":\"ListItem\",\"position\":2,\"name\":\"Instalaci\u00f3n Fotovoltaica Aislada en Industria\"}]},{\"@type\":\"WebSite\",\"@id\":\"https:\/\/ifyter.com\/#website\",\"url\":\"https:\/\/ifyter.com\/\",\"name\":\"Ifyter - Soluciones Fotovoltaicas\",\"description\":\"\",\"publisher\":{\"@id\":\"https:\/\/ifyter.com\/#organization\"},\"potentialAction\":[{\"@type\":\"SearchAction\",\"target\":{\"@type\":\"EntryPoint\",\"urlTemplate\":\"https:\/\/ifyter.com\/?s={search_term_string}\"},\"query-input\":{\"@type\":\"PropertyValueSpecification\",\"valueRequired\":true,\"valueName\":\"search_term_string\"}}],\"inLanguage\":\"es\"},{\"@type\":\"Organization\",\"@id\":\"https:\/\/ifyter.com\/#organization\",\"name\":\"IFYTER SOL.LUCIONS ENERG\u00c8TIQUES S.L.\",\"url\":\"https:\/\/ifyter.com\/\",\"logo\":{\"@type\":\"ImageObject\",\"inLanguage\":\"es\",\"@id\":\"https:\/\/ifyter.com\/#\/schema\/logo\/image\/\",\"url\":\"https:\/\/ifyter.com\/wp-content\/uploads\/2025\/03\/cropped-cropped-logo-ifyter-solo-nou.png\",\"contentUrl\":\"https:\/\/ifyter.com\/wp-content\/uploads\/2025\/03\/cropped-cropped-logo-ifyter-solo-nou.png\",\"width\":176,\"height\":177,\"caption\":\"IFYTER SOL.LUCIONS ENERG\u00c8TIQUES S.L.\"},\"image\":{\"@id\":\"https:\/\/ifyter.com\/#\/schema\/logo\/image\/\"},\"sameAs\":[\"https:\/\/www.facebook.com\/ifyter\",\"https:\/\/www.youtube.com\/channel\/UCQH6Imvuoou7_5oDt81lX5A?view_as=subscriber\",\"https:\/\/www.linkedin.com\/company\/ifyter\/\"]},{\"@type\":\"Person\",\"@id\":\"https:\/\/ifyter.com\/#\/schema\/person\/727ba97d448970291693965bae0822b9\",\"name\":\"admin\",\"image\":{\"@type\":\"ImageObject\",\"inLanguage\":\"es\",\"@id\":\"https:\/\/ifyter.com\/#\/schema\/person\/image\/\",\"url\":\"https:\/\/secure.gravatar.com\/avatar\/910c8a7151ee2f1c4be6263d9b58da5cf71c6be1a15180a69e6dc9e4a5d405f3?s=96&d=mm&r=g\",\"contentUrl\":\"https:\/\/secure.gravatar.com\/avatar\/910c8a7151ee2f1c4be6263d9b58da5cf71c6be1a15180a69e6dc9e4a5d405f3?s=96&d=mm&r=g\",\"caption\":\"admin\"},\"sameAs\":[\"https:\/\/ifyter.com\"],\"url\":\"https:\/\/ifyter.com\/?author=1\"}]}<\/script>\n<!-- \/ Yoast SEO plugin. -->","yoast_head_json":{"title":"Instalaci\u00f3n Fotovoltaica Aislada en Industria - Ifyter - Soluciones Fotovoltaicas","robots":{"index":"index","follow":"follow","max-snippet":"max-snippet:-1","max-image-preview":"max-image-preview:large","max-video-preview":"max-video-preview:-1"},"canonical":"https:\/\/ifyter.com\/?p=2698","og_locale":"es_ES","og_type":"article","og_title":"Instalaci\u00f3n Fotovoltaica Aislada en Industria - Ifyter - Soluciones Fotovoltaicas","og_description":"Se trata de una instalaci\u00f3n de Autoconsumo para un edificio de oficinas con mucho consumo. Dicho edificio ten\u00eda una cubierta plana invertida, cuyo material final era grava, se propuso una estructura soporte de aluminio contrapesado. Los excedentes estimados eran nulos por tanto se propuso un inversor no h\u00edbrido, m\u00e1s econ\u00f3mico para el cliente. \u00a0 VOLVER","og_url":"https:\/\/ifyter.com\/?p=2698","og_site_name":"Ifyter - Soluciones Fotovoltaicas","article_publisher":"https:\/\/www.facebook.com\/ifyter","article_published_time":"2025-03-12T08:08:06+00:00","article_modified_time":"2025-03-13T11:16:00+00:00","og_image":[{"width":800,"height":600,"url":"https:\/\/ifyter.com\/wp-content\/uploads\/2025\/03\/009-fotovoltaica-industrial-inclinadsa-1.jpg","type":"image\/jpeg"}],"author":"admin","twitter_card":"summary_large_image","twitter_misc":{"Escrito por":"admin","Tiempo de lectura":"1 minuto"},"schema":{"@context":"https:\/\/schema.org","@graph":[{"@type":"Article","@id":"https:\/\/ifyter.com\/?p=2698#article","isPartOf":{"@id":"https:\/\/ifyter.com\/?p=2698"},"author":{"name":"admin","@id":"https:\/\/ifyter.com\/#\/schema\/person\/727ba97d448970291693965bae0822b9"},"headline":"Instalaci\u00f3n Fotovoltaica Aislada en Industria","datePublished":"2025-03-12T08:08:06+00:00","dateModified":"2025-03-13T11:16:00+00:00","mainEntityOfPage":{"@id":"https:\/\/ifyter.com\/?p=2698"},"wordCount":65,"commentCount":0,"publisher":{"@id":"https:\/\/ifyter.com\/#organization"},"image":{"@id":"https:\/\/ifyter.com\/?p=2698#primaryimage"},"thumbnailUrl":"https:\/\/ifyter.com\/wp-content\/uploads\/2025\/03\/009-fotovoltaica-industrial-inclinadsa-1.jpg","articleSection":["Uncategorized"],"inLanguage":"es","potentialAction":[{"@type":"CommentAction","name":"Comment","target":["https:\/\/ifyter.com\/?p=2698#respond"]}]},{"@type":"WebPage","@id":"https:\/\/ifyter.com\/?p=2698","url":"https:\/\/ifyter.com\/?p=2698","name":"Instalaci\u00f3n Fotovoltaica Aislada en Industria - Ifyter - Soluciones Fotovoltaicas","isPartOf":{"@id":"https:\/\/ifyter.com\/#website"},"primaryImageOfPage":{"@id":"https:\/\/ifyter.com\/?p=2698#primaryimage"},"image":{"@id":"https:\/\/ifyter.com\/?p=2698#primaryimage"},"thumbnailUrl":"https:\/\/ifyter.com\/wp-content\/uploads\/2025\/03\/009-fotovoltaica-industrial-inclinadsa-1.jpg","datePublished":"2025-03-12T08:08:06+00:00","dateModified":"2025-03-13T11:16:00+00:00","breadcrumb":{"@id":"https:\/\/ifyter.com\/?p=2698#breadcrumb"},"inLanguage":"es","potentialAction":[{"@type":"ReadAction","target":["https:\/\/ifyter.com\/?p=2698"]}]},{"@type":"ImageObject","inLanguage":"es","@id":"https:\/\/ifyter.com\/?p=2698#primaryimage","url":"https:\/\/ifyter.com\/wp-content\/uploads\/2025\/03\/009-fotovoltaica-industrial-inclinadsa-1.jpg","contentUrl":"https:\/\/ifyter.com\/wp-content\/uploads\/2025\/03\/009-fotovoltaica-industrial-inclinadsa-1.jpg","width":800,"height":600},{"@type":"BreadcrumbList","@id":"https:\/\/ifyter.com\/?p=2698#breadcrumb","itemListElement":[{"@type":"ListItem","position":1,"name":"Portada","item":"https:\/\/ifyter.com\/"},{"@type":"ListItem","position":2,"name":"Instalaci\u00f3n Fotovoltaica Aislada en Industria"}]},{"@type":"WebSite","@id":"https:\/\/ifyter.com\/#website","url":"https:\/\/ifyter.com\/","name":"Ifyter - Soluciones Fotovoltaicas","description":"","publisher":{"@id":"https:\/\/ifyter.com\/#organization"},"potentialAction":[{"@type":"SearchAction","target":{"@type":"EntryPoint","urlTemplate":"https:\/\/ifyter.com\/?s={search_term_string}"},"query-input":{"@type":"PropertyValueSpecification","valueRequired":true,"valueName":"search_term_string"}}],"inLanguage":"es"},{"@type":"Organization","@id":"https:\/\/ifyter.com\/#organization","name":"IFYTER SOL.LUCIONS ENERG\u00c8TIQUES S.L.","url":"https:\/\/ifyter.com\/","logo":{"@type":"ImageObject","inLanguage":"es","@id":"https:\/\/ifyter.com\/#\/schema\/logo\/image\/","url":"https:\/\/ifyter.com\/wp-content\/uploads\/2025\/03\/cropped-cropped-logo-ifyter-solo-nou.png","contentUrl":"https:\/\/ifyter.com\/wp-content\/uploads\/2025\/03\/cropped-cropped-logo-ifyter-solo-nou.png","width":176,"height":177,"caption":"IFYTER SOL.LUCIONS ENERG\u00c8TIQUES S.L."},"image":{"@id":"https:\/\/ifyter.com\/#\/schema\/logo\/image\/"},"sameAs":["https:\/\/www.facebook.com\/ifyter","https:\/\/www.youtube.com\/channel\/UCQH6Imvuoou7_5oDt81lX5A?view_as=subscriber","https:\/\/www.linkedin.com\/company\/ifyter\/"]},{"@type":"Person","@id":"https:\/\/ifyter.com\/#\/schema\/person\/727ba97d448970291693965bae0822b9","name":"admin","image":{"@type":"ImageObject","inLanguage":"es","@id":"https:\/\/ifyter.com\/#\/schema\/person\/image\/","url":"https:\/\/secure.gravatar.com\/avatar\/910c8a7151ee2f1c4be6263d9b58da5cf71c6be1a15180a69e6dc9e4a5d405f3?s=96&d=mm&r=g","contentUrl":"https:\/\/secure.gravatar.com\/avatar\/910c8a7151ee2f1c4be6263d9b58da5cf71c6be1a15180a69e6dc9e4a5d405f3?s=96&d=mm&r=g","caption":"admin"},"sameAs":["https:\/\/ifyter.com"],"url":"https:\/\/ifyter.com\/?author=1"}]}},"_links":{"self":[{"href":"https:\/\/ifyter.com\/index.php?rest_route=\/wp\/v2\/posts\/2698","targetHints":{"allow":["GET"]}}],"collection":[{"href":"https:\/\/ifyter.com\/index.php?rest_route=\/wp\/v2\/posts"}],"about":[{"href":"https:\/\/ifyter.com\/index.php?rest_route=\/wp\/v2\/types\/post"}],"author":[{"embeddable":true,"href":"https:\/\/ifyter.com\/index.php?rest_route=\/wp\/v2\/users\/1"}],"replies":[{"embeddable":true,"href":"https:\/\/ifyter.com\/index.php?rest_route=%2Fwp%2Fv2%2Fcomments&post=2698"}],"version-history":[{"count":7,"href":"https:\/\/ifyter.com\/index.php?rest_route=\/wp\/v2\/posts\/2698\/revisions"}],"predecessor-version":[{"id":2912,"href":"https:\/\/ifyter.com\/index.php?rest_route=\/wp\/v2\/posts\/2698\/revisions\/2912"}],"wp:featuredmedia":[{"embeddable":true,"href":"https:\/\/ifyter.com\/index.php?rest_route=\/wp\/v2\/media\/2661"}],"wp:attachment":[{"href":"https:\/\/ifyter.com\/index.php?rest_route=%2Fwp%2Fv2%2Fmedia&parent=2698"}],"wp:term":[{"taxonomy":"category","embeddable":true,"href":"https:\/\/ifyter.com\/index.php?rest_route=%2Fwp%2Fv2%2Fcategories&post=2698"},{"taxonomy":"post_tag","embeddable":true,"href":"https:\/\/ifyter.com\/index.php?rest_route=%2Fwp%2Fv2%2Ftags&post=2698"}],"curies":[{"name":"wp","href":"https:\/\/api.w.org\/{rel}","templated":true}]}}