{"id":2713,"date":"2025-03-12T08:17:20","date_gmt":"2025-03-12T08:17:20","guid":{"rendered":"https:\/\/ifyter.com\/?p=2713"},"modified":"2025-03-13T11:15:43","modified_gmt":"2025-03-13T11:15:43","slug":"hello-world-copy-copy-copy-copy-copy","status":"publish","type":"post","link":"https:\/\/ifyter.com\/?p=2713","title":{"rendered":"Renovaci\u00f3n Instalaci\u00f3n Enlace en Comunidad de Propietarios"},"content":{"rendered":"\t\t<div data-elementor-type=\"wp-post\" data-elementor-id=\"2713\" class=\"elementor elementor-2713\">\n\t\t\t\t<div class=\"has_eae_slider elementor-element elementor-element-5a34d3b3 e-flex e-con-boxed e-con e-parent\" data-id=\"5a34d3b3\" data-element_type=\"container\">\n\t\t\t\t\t<div class=\"e-con-inner\">\n\t\t\t\t<div class=\"elementor-element elementor-element-45fc28dc elementor-widget elementor-widget-text-editor\" data-id=\"45fc28dc\" data-element_type=\"widget\" data-widget_type=\"text-editor.default\">\n\t\t\t\t<div class=\"elementor-widget-container\">\n\t\t\t\t\t\t\t\t\t<p>Actualmente muchos de los edificios de nuestra zona de Valencia se encuentran con un sistema el\u00e9ctrico tipo B1 y en dichos sistemas ya no se puede hacer ning\u00fan tipo de modificaci\u00f3n en las instalaciones particulares, se requiere por parte de la Distribuidora una renovaci\u00f3n de las instalaciones de enlace para aumentos de potencia en las viviendas.<\/p><p>Los trabajos pues en esta comunidad consistieron en sustituci\u00f3n de la CGP y de la l\u00ednea general del edificio, dejando las tomas para la conexi\u00f3n en l\u00ednea de fachada para la posterior conexi\u00f3n por parte de la distribuidora.<\/p><p>Les tramitamos a los clientes los permisos con el ayuntamiento, el expediente con la distribuidora y la obra civil necesaria para la realizaci\u00f3n de las mismas.<\/p><p><img fetchpriority=\"high\" decoding=\"async\" class=\"aligncenter\" src=\"https:\/\/ifyter.com\/wp-content\/uploads\/2025\/03\/012-Renovacion-instalaciones-de-enlace-225x300.jpg\" alt=\"\" width=\"225\" height=\"300\" \/><\/p><p><!-- \/wp:paragraph --><\/p>\t\t\t\t\t\t\t\t<\/div>\n\t\t\t\t<\/div>\n\t\t\t\t<div class=\"elementor-element elementor-element-fce4bf6 elementor-widget elementor-widget-button\" data-id=\"fce4bf6\" data-element_type=\"widget\" data-widget_type=\"button.default\">\n\t\t\t\t<div class=\"elementor-widget-container\">\n\t\t\t\t\t\t\t\t\t<div class=\"elementor-button-wrapper\">\n\t\t\t\t\t<a class=\"elementor-button elementor-button-link elementor-size-sm\" href=\"https:\/\/ifyter.com\/?page_id=55\">\n\t\t\t\t\t\t<span class=\"elementor-button-content-wrapper\">\n\t\t\t\t\t\t\t\t\t<span class=\"elementor-button-text\">VOLVER<\/span>\n\t\t\t\t\t<\/span>\n\t\t\t\t\t<\/a>\n\t\t\t\t<\/div>\n\t\t\t\t\t\t\t\t<\/div>\n\t\t\t\t<\/div>\n\t\t\t\t\t<\/div>\n\t\t\t\t<\/div>\n\t\t\t\t<\/div>\n\t\t","protected":false},"excerpt":{"rendered":"<p>Actualmente muchos de los edificios de nuestra zona de Valencia se encuentran con un sistema el\u00e9ctrico tipo B1 y en dichos sistemas ya no se puede hacer ning\u00fan tipo de modificaci\u00f3n en las instalaciones particulares, se requiere por parte de la Distribuidora una renovaci\u00f3n de las instalaciones de enlace para aumentos de potencia en las [&hellip;]<\/p>\n","protected":false},"author":1,"featured_media":2664,"comment_status":"open","ping_status":"open","sticky":false,"template":"","format":"standard","meta":{"_acf_changed":false,"footnotes":""},"categories":[1],"tags":[],"class_list":["post-2713","post","type-post","status-publish","format-standard","has-post-thumbnail","hentry","category-uncategorized"],"acf":[],"yoast_head":"<!-- This site is optimized with the Yoast SEO plugin v24.6 - https:\/\/yoast.com\/wordpress\/plugins\/seo\/ -->\n<title>Renovaci\u00f3n Instalaci\u00f3n Enlace en Comunidad de Propietarios - Ifyter - Soluciones Fotovoltaicas<\/title>\n<meta name=\"robots\" content=\"index, follow, max-snippet:-1, max-image-preview:large, max-video-preview:-1\" \/>\n<link rel=\"canonical\" href=\"https:\/\/ifyter.com\/?p=2713\" \/>\n<meta property=\"og:locale\" content=\"es_ES\" \/>\n<meta property=\"og:type\" content=\"article\" \/>\n<meta property=\"og:title\" content=\"Renovaci\u00f3n Instalaci\u00f3n Enlace en Comunidad de Propietarios - Ifyter - Soluciones Fotovoltaicas\" \/>\n<meta property=\"og:description\" content=\"Actualmente muchos de los edificios de nuestra zona de Valencia se encuentran con un sistema el\u00e9ctrico tipo B1 y en dichos sistemas ya no se puede hacer ning\u00fan tipo de modificaci\u00f3n en las instalaciones particulares, se requiere por parte de la Distribuidora una renovaci\u00f3n de las instalaciones de enlace para aumentos de potencia en las [&hellip;]\" \/>\n<meta property=\"og:url\" content=\"https:\/\/ifyter.com\/?p=2713\" \/>\n<meta property=\"og:site_name\" content=\"Ifyter - Soluciones Fotovoltaicas\" \/>\n<meta property=\"article:publisher\" content=\"https:\/\/www.facebook.com\/ifyter\" \/>\n<meta property=\"article:published_time\" content=\"2025-03-12T08:17:20+00:00\" \/>\n<meta property=\"article:modified_time\" content=\"2025-03-13T11:15:43+00:00\" \/>\n<meta property=\"og:image\" content=\"https:\/\/ifyter.com\/wp-content\/uploads\/2025\/03\/012-Renovacion-instalaciones-de-enlace.jpg\" \/>\n\t<meta property=\"og:image:width\" content=\"600\" \/>\n\t<meta property=\"og:image:height\" content=\"800\" \/>\n\t<meta property=\"og:image:type\" content=\"image\/jpeg\" \/>\n<meta name=\"author\" content=\"admin\" \/>\n<meta name=\"twitter:card\" content=\"summary_large_image\" \/>\n<meta name=\"twitter:label1\" content=\"Escrito por\" \/>\n\t<meta name=\"twitter:data1\" content=\"admin\" \/>\n\t<meta name=\"twitter:label2\" content=\"Tiempo de lectura\" \/>\n\t<meta name=\"twitter:data2\" content=\"1 minuto\" \/>\n<script type=\"application\/ld+json\" class=\"yoast-schema-graph\">{\"@context\":\"https:\/\/schema.org\",\"@graph\":[{\"@type\":\"Article\",\"@id\":\"https:\/\/ifyter.com\/?p=2713#article\",\"isPartOf\":{\"@id\":\"https:\/\/ifyter.com\/?p=2713\"},\"author\":{\"name\":\"admin\",\"@id\":\"https:\/\/ifyter.com\/#\/schema\/person\/727ba97d448970291693965bae0822b9\"},\"headline\":\"Renovaci\u00f3n Instalaci\u00f3n Enlace en Comunidad de Propietarios\",\"datePublished\":\"2025-03-12T08:17:20+00:00\",\"dateModified\":\"2025-03-13T11:15:43+00:00\",\"mainEntityOfPage\":{\"@id\":\"https:\/\/ifyter.com\/?p=2713\"},\"wordCount\":140,\"commentCount\":0,\"publisher\":{\"@id\":\"https:\/\/ifyter.com\/#organization\"},\"image\":{\"@id\":\"https:\/\/ifyter.com\/?p=2713#primaryimage\"},\"thumbnailUrl\":\"https:\/\/ifyter.com\/wp-content\/uploads\/2025\/03\/012-Renovacion-instalaciones-de-enlace.jpg\",\"articleSection\":[\"Uncategorized\"],\"inLanguage\":\"es\",\"potentialAction\":[{\"@type\":\"CommentAction\",\"name\":\"Comment\",\"target\":[\"https:\/\/ifyter.com\/?p=2713#respond\"]}]},{\"@type\":\"WebPage\",\"@id\":\"https:\/\/ifyter.com\/?p=2713\",\"url\":\"https:\/\/ifyter.com\/?p=2713\",\"name\":\"Renovaci\u00f3n Instalaci\u00f3n Enlace en Comunidad de Propietarios - Ifyter - Soluciones Fotovoltaicas\",\"isPartOf\":{\"@id\":\"https:\/\/ifyter.com\/#website\"},\"primaryImageOfPage\":{\"@id\":\"https:\/\/ifyter.com\/?p=2713#primaryimage\"},\"image\":{\"@id\":\"https:\/\/ifyter.com\/?p=2713#primaryimage\"},\"thumbnailUrl\":\"https:\/\/ifyter.com\/wp-content\/uploads\/2025\/03\/012-Renovacion-instalaciones-de-enlace.jpg\",\"datePublished\":\"2025-03-12T08:17:20+00:00\",\"dateModified\":\"2025-03-13T11:15:43+00:00\",\"breadcrumb\":{\"@id\":\"https:\/\/ifyter.com\/?p=2713#breadcrumb\"},\"inLanguage\":\"es\",\"potentialAction\":[{\"@type\":\"ReadAction\",\"target\":[\"https:\/\/ifyter.com\/?p=2713\"]}]},{\"@type\":\"ImageObject\",\"inLanguage\":\"es\",\"@id\":\"https:\/\/ifyter.com\/?p=2713#primaryimage\",\"url\":\"https:\/\/ifyter.com\/wp-content\/uploads\/2025\/03\/012-Renovacion-instalaciones-de-enlace.jpg\",\"contentUrl\":\"https:\/\/ifyter.com\/wp-content\/uploads\/2025\/03\/012-Renovacion-instalaciones-de-enlace.jpg\",\"width\":600,\"height\":800},{\"@type\":\"BreadcrumbList\",\"@id\":\"https:\/\/ifyter.com\/?p=2713#breadcrumb\",\"itemListElement\":[{\"@type\":\"ListItem\",\"position\":1,\"name\":\"Portada\",\"item\":\"https:\/\/ifyter.com\/\"},{\"@type\":\"ListItem\",\"position\":2,\"name\":\"Renovaci\u00f3n Instalaci\u00f3n Enlace en Comunidad de Propietarios\"}]},{\"@type\":\"WebSite\",\"@id\":\"https:\/\/ifyter.com\/#website\",\"url\":\"https:\/\/ifyter.com\/\",\"name\":\"Ifyter - Soluciones Fotovoltaicas\",\"description\":\"\",\"publisher\":{\"@id\":\"https:\/\/ifyter.com\/#organization\"},\"potentialAction\":[{\"@type\":\"SearchAction\",\"target\":{\"@type\":\"EntryPoint\",\"urlTemplate\":\"https:\/\/ifyter.com\/?s={search_term_string}\"},\"query-input\":{\"@type\":\"PropertyValueSpecification\",\"valueRequired\":true,\"valueName\":\"search_term_string\"}}],\"inLanguage\":\"es\"},{\"@type\":\"Organization\",\"@id\":\"https:\/\/ifyter.com\/#organization\",\"name\":\"IFYTER SOL.LUCIONS ENERG\u00c8TIQUES S.L.\",\"url\":\"https:\/\/ifyter.com\/\",\"logo\":{\"@type\":\"ImageObject\",\"inLanguage\":\"es\",\"@id\":\"https:\/\/ifyter.com\/#\/schema\/logo\/image\/\",\"url\":\"https:\/\/ifyter.com\/wp-content\/uploads\/2025\/03\/cropped-cropped-logo-ifyter-solo-nou.png\",\"contentUrl\":\"https:\/\/ifyter.com\/wp-content\/uploads\/2025\/03\/cropped-cropped-logo-ifyter-solo-nou.png\",\"width\":176,\"height\":177,\"caption\":\"IFYTER SOL.LUCIONS ENERG\u00c8TIQUES S.L.\"},\"image\":{\"@id\":\"https:\/\/ifyter.com\/#\/schema\/logo\/image\/\"},\"sameAs\":[\"https:\/\/www.facebook.com\/ifyter\",\"https:\/\/www.youtube.com\/channel\/UCQH6Imvuoou7_5oDt81lX5A?view_as=subscriber\",\"https:\/\/www.linkedin.com\/company\/ifyter\/\"]},{\"@type\":\"Person\",\"@id\":\"https:\/\/ifyter.com\/#\/schema\/person\/727ba97d448970291693965bae0822b9\",\"name\":\"admin\",\"image\":{\"@type\":\"ImageObject\",\"inLanguage\":\"es\",\"@id\":\"https:\/\/ifyter.com\/#\/schema\/person\/image\/\",\"url\":\"https:\/\/secure.gravatar.com\/avatar\/910c8a7151ee2f1c4be6263d9b58da5cf71c6be1a15180a69e6dc9e4a5d405f3?s=96&d=mm&r=g\",\"contentUrl\":\"https:\/\/secure.gravatar.com\/avatar\/910c8a7151ee2f1c4be6263d9b58da5cf71c6be1a15180a69e6dc9e4a5d405f3?s=96&d=mm&r=g\",\"caption\":\"admin\"},\"sameAs\":[\"https:\/\/ifyter.com\"],\"url\":\"https:\/\/ifyter.com\/?author=1\"}]}<\/script>\n<!-- \/ Yoast SEO plugin. -->","yoast_head_json":{"title":"Renovaci\u00f3n Instalaci\u00f3n Enlace en Comunidad de Propietarios - Ifyter - Soluciones Fotovoltaicas","robots":{"index":"index","follow":"follow","max-snippet":"max-snippet:-1","max-image-preview":"max-image-preview:large","max-video-preview":"max-video-preview:-1"},"canonical":"https:\/\/ifyter.com\/?p=2713","og_locale":"es_ES","og_type":"article","og_title":"Renovaci\u00f3n Instalaci\u00f3n Enlace en Comunidad de Propietarios - Ifyter - Soluciones Fotovoltaicas","og_description":"Actualmente muchos de los edificios de nuestra zona de Valencia se encuentran con un sistema el\u00e9ctrico tipo B1 y en dichos sistemas ya no se puede hacer ning\u00fan tipo de modificaci\u00f3n en las instalaciones particulares, se requiere por parte de la Distribuidora una renovaci\u00f3n de las instalaciones de enlace para aumentos de potencia en las [&hellip;]","og_url":"https:\/\/ifyter.com\/?p=2713","og_site_name":"Ifyter - Soluciones Fotovoltaicas","article_publisher":"https:\/\/www.facebook.com\/ifyter","article_published_time":"2025-03-12T08:17:20+00:00","article_modified_time":"2025-03-13T11:15:43+00:00","og_image":[{"width":600,"height":800,"url":"https:\/\/ifyter.com\/wp-content\/uploads\/2025\/03\/012-Renovacion-instalaciones-de-enlace.jpg","type":"image\/jpeg"}],"author":"admin","twitter_card":"summary_large_image","twitter_misc":{"Escrito por":"admin","Tiempo de lectura":"1 minuto"},"schema":{"@context":"https:\/\/schema.org","@graph":[{"@type":"Article","@id":"https:\/\/ifyter.com\/?p=2713#article","isPartOf":{"@id":"https:\/\/ifyter.com\/?p=2713"},"author":{"name":"admin","@id":"https:\/\/ifyter.com\/#\/schema\/person\/727ba97d448970291693965bae0822b9"},"headline":"Renovaci\u00f3n Instalaci\u00f3n Enlace en Comunidad de Propietarios","datePublished":"2025-03-12T08:17:20+00:00","dateModified":"2025-03-13T11:15:43+00:00","mainEntityOfPage":{"@id":"https:\/\/ifyter.com\/?p=2713"},"wordCount":140,"commentCount":0,"publisher":{"@id":"https:\/\/ifyter.com\/#organization"},"image":{"@id":"https:\/\/ifyter.com\/?p=2713#primaryimage"},"thumbnailUrl":"https:\/\/ifyter.com\/wp-content\/uploads\/2025\/03\/012-Renovacion-instalaciones-de-enlace.jpg","articleSection":["Uncategorized"],"inLanguage":"es","potentialAction":[{"@type":"CommentAction","name":"Comment","target":["https:\/\/ifyter.com\/?p=2713#respond"]}]},{"@type":"WebPage","@id":"https:\/\/ifyter.com\/?p=2713","url":"https:\/\/ifyter.com\/?p=2713","name":"Renovaci\u00f3n Instalaci\u00f3n Enlace en Comunidad de Propietarios - Ifyter - Soluciones Fotovoltaicas","isPartOf":{"@id":"https:\/\/ifyter.com\/#website"},"primaryImageOfPage":{"@id":"https:\/\/ifyter.com\/?p=2713#primaryimage"},"image":{"@id":"https:\/\/ifyter.com\/?p=2713#primaryimage"},"thumbnailUrl":"https:\/\/ifyter.com\/wp-content\/uploads\/2025\/03\/012-Renovacion-instalaciones-de-enlace.jpg","datePublished":"2025-03-12T08:17:20+00:00","dateModified":"2025-03-13T11:15:43+00:00","breadcrumb":{"@id":"https:\/\/ifyter.com\/?p=2713#breadcrumb"},"inLanguage":"es","potentialAction":[{"@type":"ReadAction","target":["https:\/\/ifyter.com\/?p=2713"]}]},{"@type":"ImageObject","inLanguage":"es","@id":"https:\/\/ifyter.com\/?p=2713#primaryimage","url":"https:\/\/ifyter.com\/wp-content\/uploads\/2025\/03\/012-Renovacion-instalaciones-de-enlace.jpg","contentUrl":"https:\/\/ifyter.com\/wp-content\/uploads\/2025\/03\/012-Renovacion-instalaciones-de-enlace.jpg","width":600,"height":800},{"@type":"BreadcrumbList","@id":"https:\/\/ifyter.com\/?p=2713#breadcrumb","itemListElement":[{"@type":"ListItem","position":1,"name":"Portada","item":"https:\/\/ifyter.com\/"},{"@type":"ListItem","position":2,"name":"Renovaci\u00f3n Instalaci\u00f3n Enlace en Comunidad de Propietarios"}]},{"@type":"WebSite","@id":"https:\/\/ifyter.com\/#website","url":"https:\/\/ifyter.com\/","name":"Ifyter - Soluciones Fotovoltaicas","description":"","publisher":{"@id":"https:\/\/ifyter.com\/#organization"},"potentialAction":[{"@type":"SearchAction","target":{"@type":"EntryPoint","urlTemplate":"https:\/\/ifyter.com\/?s={search_term_string}"},"query-input":{"@type":"PropertyValueSpecification","valueRequired":true,"valueName":"search_term_string"}}],"inLanguage":"es"},{"@type":"Organization","@id":"https:\/\/ifyter.com\/#organization","name":"IFYTER SOL.LUCIONS ENERG\u00c8TIQUES S.L.","url":"https:\/\/ifyter.com\/","logo":{"@type":"ImageObject","inLanguage":"es","@id":"https:\/\/ifyter.com\/#\/schema\/logo\/image\/","url":"https:\/\/ifyter.com\/wp-content\/uploads\/2025\/03\/cropped-cropped-logo-ifyter-solo-nou.png","contentUrl":"https:\/\/ifyter.com\/wp-content\/uploads\/2025\/03\/cropped-cropped-logo-ifyter-solo-nou.png","width":176,"height":177,"caption":"IFYTER SOL.LUCIONS ENERG\u00c8TIQUES S.L."},"image":{"@id":"https:\/\/ifyter.com\/#\/schema\/logo\/image\/"},"sameAs":["https:\/\/www.facebook.com\/ifyter","https:\/\/www.youtube.com\/channel\/UCQH6Imvuoou7_5oDt81lX5A?view_as=subscriber","https:\/\/www.linkedin.com\/company\/ifyter\/"]},{"@type":"Person","@id":"https:\/\/ifyter.com\/#\/schema\/person\/727ba97d448970291693965bae0822b9","name":"admin","image":{"@type":"ImageObject","inLanguage":"es","@id":"https:\/\/ifyter.com\/#\/schema\/person\/image\/","url":"https:\/\/secure.gravatar.com\/avatar\/910c8a7151ee2f1c4be6263d9b58da5cf71c6be1a15180a69e6dc9e4a5d405f3?s=96&d=mm&r=g","contentUrl":"https:\/\/secure.gravatar.com\/avatar\/910c8a7151ee2f1c4be6263d9b58da5cf71c6be1a15180a69e6dc9e4a5d405f3?s=96&d=mm&r=g","caption":"admin"},"sameAs":["https:\/\/ifyter.com"],"url":"https:\/\/ifyter.com\/?author=1"}]}},"_links":{"self":[{"href":"https:\/\/ifyter.com\/index.php?rest_route=\/wp\/v2\/posts\/2713","targetHints":{"allow":["GET"]}}],"collection":[{"href":"https:\/\/ifyter.com\/index.php?rest_route=\/wp\/v2\/posts"}],"about":[{"href":"https:\/\/ifyter.com\/index.php?rest_route=\/wp\/v2\/types\/post"}],"author":[{"embeddable":true,"href":"https:\/\/ifyter.com\/index.php?rest_route=\/wp\/v2\/users\/1"}],"replies":[{"embeddable":true,"href":"https:\/\/ifyter.com\/index.php?rest_route=%2Fwp%2Fv2%2Fcomments&post=2713"}],"version-history":[{"count":11,"href":"https:\/\/ifyter.com\/index.php?rest_route=\/wp\/v2\/posts\/2713\/revisions"}],"predecessor-version":[{"id":2909,"href":"https:\/\/ifyter.com\/index.php?rest_route=\/wp\/v2\/posts\/2713\/revisions\/2909"}],"wp:featuredmedia":[{"embeddable":true,"href":"https:\/\/ifyter.com\/index.php?rest_route=\/wp\/v2\/media\/2664"}],"wp:attachment":[{"href":"https:\/\/ifyter.com\/index.php?rest_route=%2Fwp%2Fv2%2Fmedia&parent=2713"}],"wp:term":[{"taxonomy":"category","embeddable":true,"href":"https:\/\/ifyter.com\/index.php?rest_route=%2Fwp%2Fv2%2Fcategories&post=2713"},{"taxonomy":"post_tag","embeddable":true,"href":"https:\/\/ifyter.com\/index.php?rest_route=%2Fwp%2Fv2%2Ftags&post=2713"}],"curies":[{"name":"wp","href":"https:\/\/api.w.org\/{rel}","templated":true}]}}