{"id":2761,"date":"2025-03-12T09:47:26","date_gmt":"2025-03-12T09:47:26","guid":{"rendered":"https:\/\/ifyter.com\/?p=2761"},"modified":"2025-03-13T11:17:34","modified_gmt":"2025-03-13T11:17:34","slug":"fotovoltaica-autoconsumo-residencial-en-lhorta-nord","status":"publish","type":"post","link":"https:\/\/ifyter.com\/?p=2761","title":{"rendered":"Fotovoltaica Autoconsumo Residencial en l\u2019Horta Nord"},"content":{"rendered":"\t\t<div data-elementor-type=\"wp-post\" data-elementor-id=\"2761\" class=\"elementor elementor-2761\">\n\t\t\t\t<div class=\"has_eae_slider elementor-element elementor-element-12a2fa70 e-flex e-con-boxed e-con e-parent\" data-id=\"12a2fa70\" data-element_type=\"container\">\n\t\t\t\t\t<div class=\"e-con-inner\">\n\t\t\t\t<div class=\"elementor-element elementor-element-33ba6f32 elementor-widget elementor-widget-text-editor\" data-id=\"33ba6f32\" data-element_type=\"widget\" data-widget_type=\"text-editor.default\">\n\t\t\t\t<div class=\"elementor-widget-container\">\n\t\t\t\t\t\t\t\t\t<p>Se trata de una instalaci\u00f3n fotovoltaica de Autoconsumo en una vivienda residencial. La cubierta era de chapa ondulada y ya que la inclinaci\u00f3n era correcta se realiz\u00f3 la instalaci\u00f3n en modo coplanar.<\/p><p>La peculiaridad de dicha instalaci\u00f3n es que se encontraba en zona protegida de l\u2019Horta Nord y tuvimos que tramitar y demostrar que la instalaci\u00f3n no supon\u00eda ning\u00fan tipo de gravamen para el paisaje adem\u00e1s de la justificaci\u00f3n ante el Ayuntamiento de la localidad, siendo el resultado favorable.<\/p><p>\u00a0<\/p><p><img fetchpriority=\"high\" decoding=\"async\" class=\"wp-image-2665 aligncenter\" src=\"https:\/\/ifyter.com\/wp-content\/uploads\/2025\/03\/013-residencial-coplanar-e1741767774178-300x225.jpg\" alt=\"\" width=\"300\" height=\"225\" srcset=\"https:\/\/ifyter.com\/wp-content\/uploads\/2025\/03\/013-residencial-coplanar-e1741767774178-300x225.jpg 300w, https:\/\/ifyter.com\/wp-content\/uploads\/2025\/03\/013-residencial-coplanar-e1741767774178-600x450.jpg 600w, https:\/\/ifyter.com\/wp-content\/uploads\/2025\/03\/013-residencial-coplanar-e1741767774178.jpg 640w\" sizes=\"(max-width: 300px) 100vw, 300px\" \/><\/p><p>\u00a0<\/p>\t\t\t\t\t\t\t\t<\/div>\n\t\t\t\t<\/div>\n\t\t\t\t<div class=\"elementor-element elementor-element-101255e elementor-widget elementor-widget-button\" data-id=\"101255e\" data-element_type=\"widget\" data-widget_type=\"button.default\">\n\t\t\t\t<div class=\"elementor-widget-container\">\n\t\t\t\t\t\t\t\t\t<div class=\"elementor-button-wrapper\">\n\t\t\t\t\t<a class=\"elementor-button elementor-button-link elementor-size-sm\" href=\"https:\/\/ifyter.com\/?page_id=55\">\n\t\t\t\t\t\t<span class=\"elementor-button-content-wrapper\">\n\t\t\t\t\t\t\t\t\t<span class=\"elementor-button-text\">VOLVER<\/span>\n\t\t\t\t\t<\/span>\n\t\t\t\t\t<\/a>\n\t\t\t\t<\/div>\n\t\t\t\t\t\t\t\t<\/div>\n\t\t\t\t<\/div>\n\t\t\t\t\t<\/div>\n\t\t\t\t<\/div>\n\t\t\t\t<\/div>\n\t\t","protected":false},"excerpt":{"rendered":"<p>Se trata de una instalaci\u00f3n fotovoltaica de Autoconsumo en una vivienda residencial. La cubierta era de chapa ondulada y ya que la inclinaci\u00f3n era correcta se realiz\u00f3 la instalaci\u00f3n en modo coplanar. La peculiaridad de dicha instalaci\u00f3n es que se encontraba en zona protegida de l\u2019Horta Nord y tuvimos que tramitar y demostrar que la [&hellip;]<\/p>\n","protected":false},"author":1,"featured_media":2665,"comment_status":"open","ping_status":"open","sticky":false,"template":"","format":"standard","meta":{"_acf_changed":false,"footnotes":""},"categories":[1],"tags":[],"class_list":["post-2761","post","type-post","status-publish","format-standard","has-post-thumbnail","hentry","category-uncategorized"],"acf":[],"yoast_head":"<!-- This site is optimized with the Yoast SEO plugin v24.6 - https:\/\/yoast.com\/wordpress\/plugins\/seo\/ -->\n<title>Fotovoltaica Autoconsumo Residencial en l\u2019Horta Nord - Ifyter - Soluciones Fotovoltaicas<\/title>\n<meta name=\"robots\" content=\"index, follow, max-snippet:-1, max-image-preview:large, max-video-preview:-1\" \/>\n<link rel=\"canonical\" href=\"https:\/\/ifyter.com\/?p=2761\" \/>\n<meta property=\"og:locale\" content=\"es_ES\" \/>\n<meta property=\"og:type\" content=\"article\" \/>\n<meta property=\"og:title\" content=\"Fotovoltaica Autoconsumo Residencial en l\u2019Horta Nord - Ifyter - Soluciones Fotovoltaicas\" \/>\n<meta property=\"og:description\" content=\"Se trata de una instalaci\u00f3n fotovoltaica de Autoconsumo en una vivienda residencial. La cubierta era de chapa ondulada y ya que la inclinaci\u00f3n era correcta se realiz\u00f3 la instalaci\u00f3n en modo coplanar. La peculiaridad de dicha instalaci\u00f3n es que se encontraba en zona protegida de l\u2019Horta Nord y tuvimos que tramitar y demostrar que la [&hellip;]\" \/>\n<meta property=\"og:url\" content=\"https:\/\/ifyter.com\/?p=2761\" \/>\n<meta property=\"og:site_name\" content=\"Ifyter - Soluciones Fotovoltaicas\" \/>\n<meta property=\"article:publisher\" content=\"https:\/\/www.facebook.com\/ifyter\" \/>\n<meta property=\"article:published_time\" content=\"2025-03-12T09:47:26+00:00\" \/>\n<meta property=\"article:modified_time\" content=\"2025-03-13T11:17:34+00:00\" \/>\n<meta property=\"og:image\" content=\"https:\/\/ifyter.com\/wp-content\/uploads\/2025\/03\/013-residencial-coplanar-e1741767774178.jpg\" \/>\n\t<meta property=\"og:image:width\" content=\"640\" \/>\n\t<meta property=\"og:image:height\" content=\"480\" \/>\n\t<meta property=\"og:image:type\" content=\"image\/jpeg\" \/>\n<meta name=\"author\" content=\"admin\" \/>\n<meta name=\"twitter:card\" content=\"summary_large_image\" \/>\n<meta name=\"twitter:label1\" content=\"Escrito por\" \/>\n\t<meta name=\"twitter:data1\" content=\"admin\" \/>\n\t<meta name=\"twitter:label2\" content=\"Tiempo de lectura\" \/>\n\t<meta name=\"twitter:data2\" content=\"1 minuto\" \/>\n<script type=\"application\/ld+json\" class=\"yoast-schema-graph\">{\"@context\":\"https:\/\/schema.org\",\"@graph\":[{\"@type\":\"Article\",\"@id\":\"https:\/\/ifyter.com\/?p=2761#article\",\"isPartOf\":{\"@id\":\"https:\/\/ifyter.com\/?p=2761\"},\"author\":{\"name\":\"admin\",\"@id\":\"https:\/\/ifyter.com\/#\/schema\/person\/727ba97d448970291693965bae0822b9\"},\"headline\":\"Fotovoltaica Autoconsumo Residencial en l\u2019Horta Nord\",\"datePublished\":\"2025-03-12T09:47:26+00:00\",\"dateModified\":\"2025-03-13T11:17:34+00:00\",\"mainEntityOfPage\":{\"@id\":\"https:\/\/ifyter.com\/?p=2761\"},\"wordCount\":97,\"commentCount\":0,\"publisher\":{\"@id\":\"https:\/\/ifyter.com\/#organization\"},\"image\":{\"@id\":\"https:\/\/ifyter.com\/?p=2761#primaryimage\"},\"thumbnailUrl\":\"https:\/\/ifyter.com\/wp-content\/uploads\/2025\/03\/013-residencial-coplanar-e1741767774178.jpg\",\"articleSection\":[\"Uncategorized\"],\"inLanguage\":\"es\",\"potentialAction\":[{\"@type\":\"CommentAction\",\"name\":\"Comment\",\"target\":[\"https:\/\/ifyter.com\/?p=2761#respond\"]}]},{\"@type\":\"WebPage\",\"@id\":\"https:\/\/ifyter.com\/?p=2761\",\"url\":\"https:\/\/ifyter.com\/?p=2761\",\"name\":\"Fotovoltaica Autoconsumo Residencial en l\u2019Horta Nord - Ifyter - Soluciones Fotovoltaicas\",\"isPartOf\":{\"@id\":\"https:\/\/ifyter.com\/#website\"},\"primaryImageOfPage\":{\"@id\":\"https:\/\/ifyter.com\/?p=2761#primaryimage\"},\"image\":{\"@id\":\"https:\/\/ifyter.com\/?p=2761#primaryimage\"},\"thumbnailUrl\":\"https:\/\/ifyter.com\/wp-content\/uploads\/2025\/03\/013-residencial-coplanar-e1741767774178.jpg\",\"datePublished\":\"2025-03-12T09:47:26+00:00\",\"dateModified\":\"2025-03-13T11:17:34+00:00\",\"breadcrumb\":{\"@id\":\"https:\/\/ifyter.com\/?p=2761#breadcrumb\"},\"inLanguage\":\"es\",\"potentialAction\":[{\"@type\":\"ReadAction\",\"target\":[\"https:\/\/ifyter.com\/?p=2761\"]}]},{\"@type\":\"ImageObject\",\"inLanguage\":\"es\",\"@id\":\"https:\/\/ifyter.com\/?p=2761#primaryimage\",\"url\":\"https:\/\/ifyter.com\/wp-content\/uploads\/2025\/03\/013-residencial-coplanar-e1741767774178.jpg\",\"contentUrl\":\"https:\/\/ifyter.com\/wp-content\/uploads\/2025\/03\/013-residencial-coplanar-e1741767774178.jpg\",\"width\":640,\"height\":480},{\"@type\":\"BreadcrumbList\",\"@id\":\"https:\/\/ifyter.com\/?p=2761#breadcrumb\",\"itemListElement\":[{\"@type\":\"ListItem\",\"position\":1,\"name\":\"Portada\",\"item\":\"https:\/\/ifyter.com\/\"},{\"@type\":\"ListItem\",\"position\":2,\"name\":\"Fotovoltaica Autoconsumo Residencial en l\u2019Horta Nord\"}]},{\"@type\":\"WebSite\",\"@id\":\"https:\/\/ifyter.com\/#website\",\"url\":\"https:\/\/ifyter.com\/\",\"name\":\"Ifyter - Soluciones Fotovoltaicas\",\"description\":\"\",\"publisher\":{\"@id\":\"https:\/\/ifyter.com\/#organization\"},\"potentialAction\":[{\"@type\":\"SearchAction\",\"target\":{\"@type\":\"EntryPoint\",\"urlTemplate\":\"https:\/\/ifyter.com\/?s={search_term_string}\"},\"query-input\":{\"@type\":\"PropertyValueSpecification\",\"valueRequired\":true,\"valueName\":\"search_term_string\"}}],\"inLanguage\":\"es\"},{\"@type\":\"Organization\",\"@id\":\"https:\/\/ifyter.com\/#organization\",\"name\":\"IFYTER SOL.LUCIONS ENERG\u00c8TIQUES S.L.\",\"url\":\"https:\/\/ifyter.com\/\",\"logo\":{\"@type\":\"ImageObject\",\"inLanguage\":\"es\",\"@id\":\"https:\/\/ifyter.com\/#\/schema\/logo\/image\/\",\"url\":\"https:\/\/ifyter.com\/wp-content\/uploads\/2025\/03\/cropped-cropped-logo-ifyter-solo-nou.png\",\"contentUrl\":\"https:\/\/ifyter.com\/wp-content\/uploads\/2025\/03\/cropped-cropped-logo-ifyter-solo-nou.png\",\"width\":176,\"height\":177,\"caption\":\"IFYTER SOL.LUCIONS ENERG\u00c8TIQUES S.L.\"},\"image\":{\"@id\":\"https:\/\/ifyter.com\/#\/schema\/logo\/image\/\"},\"sameAs\":[\"https:\/\/www.facebook.com\/ifyter\",\"https:\/\/www.youtube.com\/channel\/UCQH6Imvuoou7_5oDt81lX5A?view_as=subscriber\",\"https:\/\/www.linkedin.com\/company\/ifyter\/\"]},{\"@type\":\"Person\",\"@id\":\"https:\/\/ifyter.com\/#\/schema\/person\/727ba97d448970291693965bae0822b9\",\"name\":\"admin\",\"image\":{\"@type\":\"ImageObject\",\"inLanguage\":\"es\",\"@id\":\"https:\/\/ifyter.com\/#\/schema\/person\/image\/\",\"url\":\"https:\/\/secure.gravatar.com\/avatar\/910c8a7151ee2f1c4be6263d9b58da5cf71c6be1a15180a69e6dc9e4a5d405f3?s=96&d=mm&r=g\",\"contentUrl\":\"https:\/\/secure.gravatar.com\/avatar\/910c8a7151ee2f1c4be6263d9b58da5cf71c6be1a15180a69e6dc9e4a5d405f3?s=96&d=mm&r=g\",\"caption\":\"admin\"},\"sameAs\":[\"https:\/\/ifyter.com\"],\"url\":\"https:\/\/ifyter.com\/?author=1\"}]}<\/script>\n<!-- \/ Yoast SEO plugin. -->","yoast_head_json":{"title":"Fotovoltaica Autoconsumo Residencial en l\u2019Horta Nord - Ifyter - Soluciones Fotovoltaicas","robots":{"index":"index","follow":"follow","max-snippet":"max-snippet:-1","max-image-preview":"max-image-preview:large","max-video-preview":"max-video-preview:-1"},"canonical":"https:\/\/ifyter.com\/?p=2761","og_locale":"es_ES","og_type":"article","og_title":"Fotovoltaica Autoconsumo Residencial en l\u2019Horta Nord - Ifyter - Soluciones Fotovoltaicas","og_description":"Se trata de una instalaci\u00f3n fotovoltaica de Autoconsumo en una vivienda residencial. La cubierta era de chapa ondulada y ya que la inclinaci\u00f3n era correcta se realiz\u00f3 la instalaci\u00f3n en modo coplanar. La peculiaridad de dicha instalaci\u00f3n es que se encontraba en zona protegida de l\u2019Horta Nord y tuvimos que tramitar y demostrar que la [&hellip;]","og_url":"https:\/\/ifyter.com\/?p=2761","og_site_name":"Ifyter - Soluciones Fotovoltaicas","article_publisher":"https:\/\/www.facebook.com\/ifyter","article_published_time":"2025-03-12T09:47:26+00:00","article_modified_time":"2025-03-13T11:17:34+00:00","og_image":[{"width":640,"height":480,"url":"https:\/\/ifyter.com\/wp-content\/uploads\/2025\/03\/013-residencial-coplanar-e1741767774178.jpg","type":"image\/jpeg"}],"author":"admin","twitter_card":"summary_large_image","twitter_misc":{"Escrito por":"admin","Tiempo de lectura":"1 minuto"},"schema":{"@context":"https:\/\/schema.org","@graph":[{"@type":"Article","@id":"https:\/\/ifyter.com\/?p=2761#article","isPartOf":{"@id":"https:\/\/ifyter.com\/?p=2761"},"author":{"name":"admin","@id":"https:\/\/ifyter.com\/#\/schema\/person\/727ba97d448970291693965bae0822b9"},"headline":"Fotovoltaica Autoconsumo Residencial en l\u2019Horta Nord","datePublished":"2025-03-12T09:47:26+00:00","dateModified":"2025-03-13T11:17:34+00:00","mainEntityOfPage":{"@id":"https:\/\/ifyter.com\/?p=2761"},"wordCount":97,"commentCount":0,"publisher":{"@id":"https:\/\/ifyter.com\/#organization"},"image":{"@id":"https:\/\/ifyter.com\/?p=2761#primaryimage"},"thumbnailUrl":"https:\/\/ifyter.com\/wp-content\/uploads\/2025\/03\/013-residencial-coplanar-e1741767774178.jpg","articleSection":["Uncategorized"],"inLanguage":"es","potentialAction":[{"@type":"CommentAction","name":"Comment","target":["https:\/\/ifyter.com\/?p=2761#respond"]}]},{"@type":"WebPage","@id":"https:\/\/ifyter.com\/?p=2761","url":"https:\/\/ifyter.com\/?p=2761","name":"Fotovoltaica Autoconsumo Residencial en l\u2019Horta Nord - Ifyter - Soluciones Fotovoltaicas","isPartOf":{"@id":"https:\/\/ifyter.com\/#website"},"primaryImageOfPage":{"@id":"https:\/\/ifyter.com\/?p=2761#primaryimage"},"image":{"@id":"https:\/\/ifyter.com\/?p=2761#primaryimage"},"thumbnailUrl":"https:\/\/ifyter.com\/wp-content\/uploads\/2025\/03\/013-residencial-coplanar-e1741767774178.jpg","datePublished":"2025-03-12T09:47:26+00:00","dateModified":"2025-03-13T11:17:34+00:00","breadcrumb":{"@id":"https:\/\/ifyter.com\/?p=2761#breadcrumb"},"inLanguage":"es","potentialAction":[{"@type":"ReadAction","target":["https:\/\/ifyter.com\/?p=2761"]}]},{"@type":"ImageObject","inLanguage":"es","@id":"https:\/\/ifyter.com\/?p=2761#primaryimage","url":"https:\/\/ifyter.com\/wp-content\/uploads\/2025\/03\/013-residencial-coplanar-e1741767774178.jpg","contentUrl":"https:\/\/ifyter.com\/wp-content\/uploads\/2025\/03\/013-residencial-coplanar-e1741767774178.jpg","width":640,"height":480},{"@type":"BreadcrumbList","@id":"https:\/\/ifyter.com\/?p=2761#breadcrumb","itemListElement":[{"@type":"ListItem","position":1,"name":"Portada","item":"https:\/\/ifyter.com\/"},{"@type":"ListItem","position":2,"name":"Fotovoltaica Autoconsumo Residencial en l\u2019Horta Nord"}]},{"@type":"WebSite","@id":"https:\/\/ifyter.com\/#website","url":"https:\/\/ifyter.com\/","name":"Ifyter - Soluciones Fotovoltaicas","description":"","publisher":{"@id":"https:\/\/ifyter.com\/#organization"},"potentialAction":[{"@type":"SearchAction","target":{"@type":"EntryPoint","urlTemplate":"https:\/\/ifyter.com\/?s={search_term_string}"},"query-input":{"@type":"PropertyValueSpecification","valueRequired":true,"valueName":"search_term_string"}}],"inLanguage":"es"},{"@type":"Organization","@id":"https:\/\/ifyter.com\/#organization","name":"IFYTER SOL.LUCIONS ENERG\u00c8TIQUES S.L.","url":"https:\/\/ifyter.com\/","logo":{"@type":"ImageObject","inLanguage":"es","@id":"https:\/\/ifyter.com\/#\/schema\/logo\/image\/","url":"https:\/\/ifyter.com\/wp-content\/uploads\/2025\/03\/cropped-cropped-logo-ifyter-solo-nou.png","contentUrl":"https:\/\/ifyter.com\/wp-content\/uploads\/2025\/03\/cropped-cropped-logo-ifyter-solo-nou.png","width":176,"height":177,"caption":"IFYTER SOL.LUCIONS ENERG\u00c8TIQUES S.L."},"image":{"@id":"https:\/\/ifyter.com\/#\/schema\/logo\/image\/"},"sameAs":["https:\/\/www.facebook.com\/ifyter","https:\/\/www.youtube.com\/channel\/UCQH6Imvuoou7_5oDt81lX5A?view_as=subscriber","https:\/\/www.linkedin.com\/company\/ifyter\/"]},{"@type":"Person","@id":"https:\/\/ifyter.com\/#\/schema\/person\/727ba97d448970291693965bae0822b9","name":"admin","image":{"@type":"ImageObject","inLanguage":"es","@id":"https:\/\/ifyter.com\/#\/schema\/person\/image\/","url":"https:\/\/secure.gravatar.com\/avatar\/910c8a7151ee2f1c4be6263d9b58da5cf71c6be1a15180a69e6dc9e4a5d405f3?s=96&d=mm&r=g","contentUrl":"https:\/\/secure.gravatar.com\/avatar\/910c8a7151ee2f1c4be6263d9b58da5cf71c6be1a15180a69e6dc9e4a5d405f3?s=96&d=mm&r=g","caption":"admin"},"sameAs":["https:\/\/ifyter.com"],"url":"https:\/\/ifyter.com\/?author=1"}]}},"_links":{"self":[{"href":"https:\/\/ifyter.com\/index.php?rest_route=\/wp\/v2\/posts\/2761","targetHints":{"allow":["GET"]}}],"collection":[{"href":"https:\/\/ifyter.com\/index.php?rest_route=\/wp\/v2\/posts"}],"about":[{"href":"https:\/\/ifyter.com\/index.php?rest_route=\/wp\/v2\/types\/post"}],"author":[{"embeddable":true,"href":"https:\/\/ifyter.com\/index.php?rest_route=\/wp\/v2\/users\/1"}],"replies":[{"embeddable":true,"href":"https:\/\/ifyter.com\/index.php?rest_route=%2Fwp%2Fv2%2Fcomments&post=2761"}],"version-history":[{"count":13,"href":"https:\/\/ifyter.com\/index.php?rest_route=\/wp\/v2\/posts\/2761\/revisions"}],"predecessor-version":[{"id":2927,"href":"https:\/\/ifyter.com\/index.php?rest_route=\/wp\/v2\/posts\/2761\/revisions\/2927"}],"wp:featuredmedia":[{"embeddable":true,"href":"https:\/\/ifyter.com\/index.php?rest_route=\/wp\/v2\/media\/2665"}],"wp:attachment":[{"href":"https:\/\/ifyter.com\/index.php?rest_route=%2Fwp%2Fv2%2Fmedia&parent=2761"}],"wp:term":[{"taxonomy":"category","embeddable":true,"href":"https:\/\/ifyter.com\/index.php?rest_route=%2Fwp%2Fv2%2Fcategories&post=2761"},{"taxonomy":"post_tag","embeddable":true,"href":"https:\/\/ifyter.com\/index.php?rest_route=%2Fwp%2Fv2%2Ftags&post=2761"}],"curies":[{"name":"wp","href":"https:\/\/api.w.org\/{rel}","templated":true}]}}